{"id":52375,"date":"2025-12-15T22:44:08","date_gmt":"2025-12-15T21:44:08","guid":{"rendered":"https:\/\/www.systra.com\/france\/?p=52375"},"modified":"2025-12-15T22:52:02","modified_gmt":"2025-12-15T21:52:02","slug":"modernisation-du-reseau-ferroviaire-corse-un-projet-cle-pour-lavenir-des-transports-insulaires","status":"publish","type":"post","link":"https:\/\/www.systra.com\/france\/news\/modernisation-du-reseau-ferroviaire-corse-un-projet-cle-pour-lavenir-des-transports-insulaires\/","title":{"rendered":"Modernisation du r\u00e9seau ferroviaire Corse, un projet cl\u00e9 pour l&#8217;avenir des transports insulaires"},"content":{"rendered":"\n<div style=\"height:100px\" aria-hidden=\"true\" class=\"wp-block-spacer\"><\/div>\n\n\n\n<p>Le projet de Commande Centralis\u00e9e de Voie Unique (CCVU) repr\u00e9sente l\u2019un des chantiers les plus structurants pour l\u2019avenir des Chemins de Fer de la Corse. Son objectif est de doter l\u2019\u00eele d\u2019un syst\u00e8me moderne de gestion de la circulation capable d\u2019am\u00e9liorer \u00e0 la fois la s\u00e9curit\u00e9, la fluidit\u00e9 et la capacit\u00e9 du r\u00e9seau. Pour un territoire montagneux et dot\u00e9 d\u2019une infrastructure en grande partie \u00e0 voie unique, cette \u00e9volution constitue un changement majeur.<\/p>\n\n\n\n<div style=\"height:20px\" aria-hidden=\"true\" class=\"wp-block-spacer\"><\/div>\n\n\n\n<p>Le r\u00e9seau ferroviaire de Corse, s\u2019\u00e9tend sur 232 kilom\u00e8tres de voies \u00e0 \u00e9cartement m\u00e9trique, non \u00e9lectrifi\u00e9es. Il est aujourd\u2019hui constitu\u00e9 de deux lignes principales. La \u00ab ligne Centrale \u00bb, longue de 158 kilom\u00e8tres, relie Bastia, en Haute-Corse, \u00e0 Ajaccio, en Corse-du-Sud, en desservant notamment les communes de Vizzavona et de Corte. La seconde, dite ligne \u00ab de Balagne \u00bb, traverse la r\u00e9gion \u00e9ponyme sur 74 kilom\u00e8tres, reliant Ponte-Leccia \u00e0 Calvi. Le service assur\u00e9 sur l\u2019ensemble du r\u00e9seau est principalement orient\u00e9 vers le transport de voyageurs, avec une forte composante touristique qui varie selon les tron\u00e7ons et les saisons.<\/p>\n\n\n\n<div style=\"height:100px\" aria-hidden=\"true\" class=\"wp-block-spacer\"><\/div>\n\n\n<div class=\"wp-block-image\">\n<figure class=\"aligncenter size-full\"><img decoding=\"async\" width=\"345\" height=\"752\" src=\"https:\/\/www.systra.com\/france\/wp-content\/uploads\/sites\/4\/2025\/12\/capture-decran-2025-12-15-222329-1.png\" alt=\"\" class=\"wp-image-52389\" srcset=\"https:\/\/www.systra.com\/france\/wp-content\/uploads\/sites\/4\/2025\/12\/capture-decran-2025-12-15-222329-1.png 345w, https:\/\/www.systra.com\/france\/wp-content\/uploads\/sites\/4\/2025\/12\/capture-decran-2025-12-15-222329-1-138x300.png 138w, https:\/\/www.systra.com\/france\/wp-content\/uploads\/sites\/4\/2025\/12\/capture-decran-2025-12-15-222329-1-180x392.png 180w, https:\/\/www.systra.com\/france\/wp-content\/uploads\/sites\/4\/2025\/12\/capture-decran-2025-12-15-222329-1-153x333.png 153w, https:\/\/www.systra.com\/france\/wp-content\/uploads\/sites\/4\/2025\/12\/capture-decran-2025-12-15-222329-1-230x501.png 230w\" sizes=\"(max-width: 345px) 100vw, 345px\" \/><figcaption class=\"wp-element-caption\"><em>R\u00e9seau du chemin de fer Corse &#8211; Source: wikip\u00e9dia<\/em><\/figcaption><\/figure>\n<\/div>\n\n\n<div style=\"height:100px\" aria-hidden=\"true\" class=\"wp-block-spacer\"><\/div>\n\n\n\n<p>Jusqu\u2019\u00e0 r\u00e9cemment, le r\u00e9seau reposait sur deux modes de gestion des circulations. La section Bastia\u2013Casamozza b\u00e9n\u00e9ficiait d\u2019une Commande Centralis\u00e9e de Voie Unique (CCVU) mise en service en 2008 et couvrant cinq gares. Pour le reste du r\u00e9seau, la circulation des trains \u00e9tait r\u00e9gie par un cantonnement t\u00e9l\u00e9phonique, syst\u00e8me traditionnel permettant de s\u00e9curiser les \u00e9changes sur voie unique.<\/p>\n\n\n\n<div style=\"height:100px\" aria-hidden=\"true\" class=\"wp-block-spacer\"><\/div>\n\n\n\n<h2 class=\"wp-block-heading\" id=\"h-qu-est-ce-que-la-ccvu\">Qu&#8217;est ce que la CCVU ?<\/h2>\n\n\n\n<div style=\"height:100px\" aria-hidden=\"true\" class=\"wp-block-spacer\"><\/div>\n\n\n\n<p>La majorit\u00e9 du r\u00e9seau ferroviaire corse fonctionne depuis des d\u00e9cennies sous un r\u00e9gime de cantonnement manuel, reposant sur des \u00e9changes t\u00e9l\u00e9phoniques entre gares pour autoriser la circulation des trains. Ce syst\u00e8me impose de strictes limitations en mati\u00e8re de capacit\u00e9 pour des questions de normes s\u00e9curitaires. L\u2019\u00e9quipement de gares en signalisation moderne automatis\u00e9e associ\u00e9 \u00e0 une Commande Centralis\u00e9e du r\u00e9seau r\u00e9pond \u00e0 diff\u00e9rents enjeux s\u00e9curitaires, capacitaires, performanciels et \u00e9conomiques.<\/p>\n\n\n\n<div style=\"height:20px\" aria-hidden=\"true\" class=\"wp-block-spacer\"><\/div>\n\n\n\n<p>Gr\u00e2ce \u00e0 ces \u00e9quipements modernes, la position des trains peut \u00eatre suivie en temps r\u00e9el, am\u00e9liorant l\u2019exploitation du r\u00e9seau mais \u00e9galement l\u2019information voyageur, tandis que les signaux, les aiguillages et les zones de croisement sont pilot\u00e9s de mani\u00e8re automatis\u00e9e. Cette \u00e9volution r\u00e9duit les risques li\u00e9s aux proc\u00e9dures manuelles et permet une exploitation beaucoup plus r\u00e9active et performante. Apr\u00e8s la modernisation de la voie, la CCVU parach\u00e8ve donc la modernisation du r\u00e9seau ferroviaire corse et le dote d\u2019un outil performant avec des fonctions d\u00e9finies en fonction des besoins exprim\u00e9s par l\u2019exploitant et le mainteneur.<\/p>\n\n\n\n<div style=\"height:100px\" aria-hidden=\"true\" class=\"wp-block-spacer\"><\/div>\n\n\n\n<h2 class=\"wp-block-heading\" id=\"h-un-enjeu-strategique-pour-la-mobilite-insulaire\">Un enjeu strat\u00e9gique pour la mobilit\u00e9 insulaire<\/h2>\n\n\n\n<div style=\"height:100px\" aria-hidden=\"true\" class=\"wp-block-spacer\"><\/div>\n\n\n\n<p>L\u2019importance du projet CCVU d\u00e9passe la seule dimension technique. En augmentant la capacit\u00e9 du r\u00e9seau, il ouvre la possibilit\u00e9 d\u2019une nette am\u00e9lioration du service aux usagers. Dans les secteurs les plus fr\u00e9quent\u00e9s, notamment autour d\u2019Ajaccio et de Bastia, une demande croissante existe pour des dessertes plus fr\u00e9quentes. La CCVU rend possible le d\u00e9veloppement de services p\u00e9riurbains renforc\u00e9s et connect\u00e9s avec les besoins de mobilit\u00e9 du quotidien. Une offre plus dense qui renforce le report modal en diminuant la d\u00e9pendance \u00e0 l\u2019automobile, un enjeu crucial pour la qualit\u00e9 de vie et l\u2019environnement.<\/p>\n\n\n\n<div style=\"height:20px\" aria-hidden=\"true\" class=\"wp-block-spacer\"><\/div>\n\n\n\n<p>Un r\u00e9seau performant et toujours plus s\u00fbr&nbsp;: cette modernisation permet de ne plus faire reposer la s\u00e9curit\u00e9 de l\u2019exploitation que sur l\u2019humain et le respect de proc\u00e9dures. Les installations sont \u00e9galement plus facilement maintenables car mieux connect\u00e9es et monitor\u00e9es permettant une meilleure anticipation des incidents et une gestion plus efficace des situations perturb\u00e9es.<\/p>\n\n\n\n<div style=\"height:100px\" aria-hidden=\"true\" class=\"wp-block-spacer\"><\/div>\n\n\n\n<h2 class=\"wp-block-heading\" id=\"h-travaux-equipements-et-transformations-du-reseau\">TRavaux, \u00e9quipements et transformations du r\u00e9seau<\/h2>\n\n\n\n<div style=\"height:100px\" aria-hidden=\"true\" class=\"wp-block-spacer\"><\/div>\n\n\n\n<p>La mise en place de la Commande Centralis\u00e9e de Voie Unique n\u00e9cessite un vaste programme de travaux r\u00e9partis sur l\u2019ensemble du r\u00e9seau. La modernisation de la signalisation constitue une \u00e9tape essentielle, accompagn\u00e9e de la cr\u00e9ation ou du r\u00e9am\u00e9nagement de points de croisement, indispensables pour accro\u00eetre la fr\u00e9quence des trains sur une infrastructure \u00e0 voie unique. Les gares et haltes font \u00e9galement l\u2019objet d\u2019adaptations, tout comme les quais et les installations techniques. Un Syst\u00e8me d\u2019Information Voyageurs a \u00e9galement \u00e9t\u00e9 install\u00e9 dans 9 gares significatives du r\u00e9seau. Il permettra de donner aux usagers les horaires de d\u00e9part et d\u2019arriv\u00e9e des trains, mais aussi des informations contextuelles comme des \u00e9v\u00e8nements culturels ou sportifs pour lesquels le Chemin de Fer de Corse propose des offres de transport.<\/p>\n\n\n\n<div style=\"height:100px\" aria-hidden=\"true\" class=\"wp-block-spacer\"><\/div>\n\n\n\n<div style=\"height:20px\" aria-hidden=\"true\" class=\"wp-block-spacer\"><\/div>\n\n\n\n<figure class=\"wp-block-gallery has-nested-images columns-default is-cropped wp-block-gallery-1 is-layout-flex wp-block-gallery-is-layout-flex\">\n<figure class=\"wp-block-image size-large\"><img decoding=\"async\" width=\"768\" height=\"1024\" data-id=\"52394\" src=\"https:\/\/www.systra.com\/france\/wp-content\/uploads\/sites\/4\/2025\/12\/whatsapp-image-2025-11-25-at-4-13-37-pm2-768x1024.jpeg\" alt=\"\" class=\"wp-image-52394\" srcset=\"https:\/\/www.systra.com\/france\/wp-content\/uploads\/sites\/4\/2025\/12\/whatsapp-image-2025-11-25-at-4-13-37-pm2-768x1024.jpeg 768w, https:\/\/www.systra.com\/france\/wp-content\/uploads\/sites\/4\/2025\/12\/whatsapp-image-2025-11-25-at-4-13-37-pm2-225x300.jpeg 225w, https:\/\/www.systra.com\/france\/wp-content\/uploads\/sites\/4\/2025\/12\/whatsapp-image-2025-11-25-at-4-13-37-pm2-1152x1536.jpeg 1152w, https:\/\/www.systra.com\/france\/wp-content\/uploads\/sites\/4\/2025\/12\/whatsapp-image-2025-11-25-at-4-13-37-pm2-474x632.jpeg 474w, https:\/\/www.systra.com\/france\/wp-content\/uploads\/sites\/4\/2025\/12\/whatsapp-image-2025-11-25-at-4-13-37-pm2-187x250.jpeg 187w, https:\/\/www.systra.com\/france\/wp-content\/uploads\/sites\/4\/2025\/12\/whatsapp-image-2025-11-25-at-4-13-37-pm2-1352x1803.jpeg 1352w, https:\/\/www.systra.com\/france\/wp-content\/uploads\/sites\/4\/2025\/12\/whatsapp-image-2025-11-25-at-4-13-37-pm2-800x1067.jpeg 800w, https:\/\/www.systra.com\/france\/wp-content\/uploads\/sites\/4\/2025\/12\/whatsapp-image-2025-11-25-at-4-13-37-pm2-180x240.jpeg 180w, https:\/\/www.systra.com\/france\/wp-content\/uploads\/sites\/4\/2025\/12\/whatsapp-image-2025-11-25-at-4-13-37-pm2-153x204.jpeg 153w, https:\/\/www.systra.com\/france\/wp-content\/uploads\/sites\/4\/2025\/12\/whatsapp-image-2025-11-25-at-4-13-37-pm2-230x307.jpeg 230w, https:\/\/www.systra.com\/france\/wp-content\/uploads\/sites\/4\/2025\/12\/whatsapp-image-2025-11-25-at-4-13-37-pm2.jpeg 1512w\" sizes=\"(max-width: 768px) 100vw, 768px\" \/><figcaption class=\"wp-element-caption\"><strong><em>Casamozza &#8211; Source: SYSTRA France<\/em><\/strong><\/figcaption><\/figure>\n\n\n\n<figure class=\"wp-block-image size-large\"><img decoding=\"async\" width=\"768\" height=\"1024\" data-id=\"52395\" src=\"https:\/\/www.systra.com\/france\/wp-content\/uploads\/sites\/4\/2025\/12\/whatsapp-image-2025-11-25-at-4-13-37-pm3-768x1024.jpeg\" alt=\"\" class=\"wp-image-52395\" srcset=\"https:\/\/www.systra.com\/france\/wp-content\/uploads\/sites\/4\/2025\/12\/whatsapp-image-2025-11-25-at-4-13-37-pm3-768x1024.jpeg 768w, https:\/\/www.systra.com\/france\/wp-content\/uploads\/sites\/4\/2025\/12\/whatsapp-image-2025-11-25-at-4-13-37-pm3-225x300.jpeg 225w, https:\/\/www.systra.com\/france\/wp-content\/uploads\/sites\/4\/2025\/12\/whatsapp-image-2025-11-25-at-4-13-37-pm3-1152x1536.jpeg 1152w, https:\/\/www.systra.com\/france\/wp-content\/uploads\/sites\/4\/2025\/12\/whatsapp-image-2025-11-25-at-4-13-37-pm3-474x632.jpeg 474w, https:\/\/www.systra.com\/france\/wp-content\/uploads\/sites\/4\/2025\/12\/whatsapp-image-2025-11-25-at-4-13-37-pm3-187x250.jpeg 187w, https:\/\/www.systra.com\/france\/wp-content\/uploads\/sites\/4\/2025\/12\/whatsapp-image-2025-11-25-at-4-13-37-pm3-800x1067.jpeg 800w, https:\/\/www.systra.com\/france\/wp-content\/uploads\/sites\/4\/2025\/12\/whatsapp-image-2025-11-25-at-4-13-37-pm3-180x240.jpeg 180w, https:\/\/www.systra.com\/france\/wp-content\/uploads\/sites\/4\/2025\/12\/whatsapp-image-2025-11-25-at-4-13-37-pm3-153x204.jpeg 153w, https:\/\/www.systra.com\/france\/wp-content\/uploads\/sites\/4\/2025\/12\/whatsapp-image-2025-11-25-at-4-13-37-pm3-230x307.jpeg 230w, https:\/\/www.systra.com\/france\/wp-content\/uploads\/sites\/4\/2025\/12\/whatsapp-image-2025-11-25-at-4-13-37-pm3.jpeg 1200w\" sizes=\"(max-width: 768px) 100vw, 768px\" \/><figcaption class=\"wp-element-caption\"><strong><em>Bastia &#8211; Source: SYSTRA France<\/em><\/strong><\/figcaption><\/figure>\n\n\n\n<figure class=\"wp-block-image size-large\"><img decoding=\"async\" width=\"768\" height=\"1024\" data-id=\"52392\" src=\"https:\/\/www.systra.com\/france\/wp-content\/uploads\/sites\/4\/2025\/12\/whatsapp-image-2025-11-25-at-4-13-36-pm2-768x1024.jpeg\" alt=\"\" class=\"wp-image-52392\" srcset=\"https:\/\/www.systra.com\/france\/wp-content\/uploads\/sites\/4\/2025\/12\/whatsapp-image-2025-11-25-at-4-13-36-pm2-768x1024.jpeg 768w, https:\/\/www.systra.com\/france\/wp-content\/uploads\/sites\/4\/2025\/12\/whatsapp-image-2025-11-25-at-4-13-36-pm2-225x300.jpeg 225w, https:\/\/www.systra.com\/france\/wp-content\/uploads\/sites\/4\/2025\/12\/whatsapp-image-2025-11-25-at-4-13-36-pm2-1152x1536.jpeg 1152w, https:\/\/www.systra.com\/france\/wp-content\/uploads\/sites\/4\/2025\/12\/whatsapp-image-2025-11-25-at-4-13-36-pm2-474x632.jpeg 474w, https:\/\/www.systra.com\/france\/wp-content\/uploads\/sites\/4\/2025\/12\/whatsapp-image-2025-11-25-at-4-13-36-pm2-187x250.jpeg 187w, https:\/\/www.systra.com\/france\/wp-content\/uploads\/sites\/4\/2025\/12\/whatsapp-image-2025-11-25-at-4-13-36-pm2-800x1067.jpeg 800w, https:\/\/www.systra.com\/france\/wp-content\/uploads\/sites\/4\/2025\/12\/whatsapp-image-2025-11-25-at-4-13-36-pm2-180x240.jpeg 180w, https:\/\/www.systra.com\/france\/wp-content\/uploads\/sites\/4\/2025\/12\/whatsapp-image-2025-11-25-at-4-13-36-pm2-153x204.jpeg 153w, https:\/\/www.systra.com\/france\/wp-content\/uploads\/sites\/4\/2025\/12\/whatsapp-image-2025-11-25-at-4-13-36-pm2-230x307.jpeg 230w, https:\/\/www.systra.com\/france\/wp-content\/uploads\/sites\/4\/2025\/12\/whatsapp-image-2025-11-25-at-4-13-36-pm2.jpeg 1200w\" sizes=\"(max-width: 768px) 100vw, 768px\" \/><figcaption class=\"wp-element-caption\"><strong><em>Biguglia &#8211; Source: SYSTRA France<\/em><\/strong><\/figcaption><\/figure>\n\n\n\n<figure class=\"wp-block-image size-large\"><img decoding=\"async\" width=\"768\" height=\"1024\" data-id=\"52396\" src=\"https:\/\/www.systra.com\/france\/wp-content\/uploads\/sites\/4\/2025\/12\/whatsapp-image-2025-11-25-at-4-13-37-pm1-768x1024.jpeg\" alt=\"\" class=\"wp-image-52396\" srcset=\"https:\/\/www.systra.com\/france\/wp-content\/uploads\/sites\/4\/2025\/12\/whatsapp-image-2025-11-25-at-4-13-37-pm1-768x1024.jpeg 768w, https:\/\/www.systra.com\/france\/wp-content\/uploads\/sites\/4\/2025\/12\/whatsapp-image-2025-11-25-at-4-13-37-pm1-225x300.jpeg 225w, https:\/\/www.systra.com\/france\/wp-content\/uploads\/sites\/4\/2025\/12\/whatsapp-image-2025-11-25-at-4-13-37-pm1-1152x1536.jpeg 1152w, https:\/\/www.systra.com\/france\/wp-content\/uploads\/sites\/4\/2025\/12\/whatsapp-image-2025-11-25-at-4-13-37-pm1-474x632.jpeg 474w, https:\/\/www.systra.com\/france\/wp-content\/uploads\/sites\/4\/2025\/12\/whatsapp-image-2025-11-25-at-4-13-37-pm1-187x250.jpeg 187w, https:\/\/www.systra.com\/france\/wp-content\/uploads\/sites\/4\/2025\/12\/whatsapp-image-2025-11-25-at-4-13-37-pm1-800x1067.jpeg 800w, https:\/\/www.systra.com\/france\/wp-content\/uploads\/sites\/4\/2025\/12\/whatsapp-image-2025-11-25-at-4-13-37-pm1-180x240.jpeg 180w, https:\/\/www.systra.com\/france\/wp-content\/uploads\/sites\/4\/2025\/12\/whatsapp-image-2025-11-25-at-4-13-37-pm1-153x204.jpeg 153w, https:\/\/www.systra.com\/france\/wp-content\/uploads\/sites\/4\/2025\/12\/whatsapp-image-2025-11-25-at-4-13-37-pm1-230x307.jpeg 230w, https:\/\/www.systra.com\/france\/wp-content\/uploads\/sites\/4\/2025\/12\/whatsapp-image-2025-11-25-at-4-13-37-pm1.jpeg 1200w\" sizes=\"(max-width: 768px) 100vw, 768px\" \/><figcaption class=\"wp-element-caption\"><strong><em>Vizzavona &#8211; Source: SYSTRA France<\/em><\/strong><\/figcaption><\/figure>\n\n\n\n<figure class=\"wp-block-image size-large\"><img decoding=\"async\" width=\"768\" height=\"1024\" data-id=\"52393\" src=\"https:\/\/www.systra.com\/france\/wp-content\/uploads\/sites\/4\/2025\/12\/whatsapp-image-2025-11-25-at-4-13-37-pm4-768x1024.jpeg\" alt=\"\" class=\"wp-image-52393\" srcset=\"https:\/\/www.systra.com\/france\/wp-content\/uploads\/sites\/4\/2025\/12\/whatsapp-image-2025-11-25-at-4-13-37-pm4-768x1024.jpeg 768w, https:\/\/www.systra.com\/france\/wp-content\/uploads\/sites\/4\/2025\/12\/whatsapp-image-2025-11-25-at-4-13-37-pm4-225x300.jpeg 225w, https:\/\/www.systra.com\/france\/wp-content\/uploads\/sites\/4\/2025\/12\/whatsapp-image-2025-11-25-at-4-13-37-pm4-1152x1536.jpeg 1152w, https:\/\/www.systra.com\/france\/wp-content\/uploads\/sites\/4\/2025\/12\/whatsapp-image-2025-11-25-at-4-13-37-pm4-474x632.jpeg 474w, https:\/\/www.systra.com\/france\/wp-content\/uploads\/sites\/4\/2025\/12\/whatsapp-image-2025-11-25-at-4-13-37-pm4-187x250.jpeg 187w, https:\/\/www.systra.com\/france\/wp-content\/uploads\/sites\/4\/2025\/12\/whatsapp-image-2025-11-25-at-4-13-37-pm4-800x1067.jpeg 800w, https:\/\/www.systra.com\/france\/wp-content\/uploads\/sites\/4\/2025\/12\/whatsapp-image-2025-11-25-at-4-13-37-pm4-180x240.jpeg 180w, https:\/\/www.systra.com\/france\/wp-content\/uploads\/sites\/4\/2025\/12\/whatsapp-image-2025-11-25-at-4-13-37-pm4-153x204.jpeg 153w, https:\/\/www.systra.com\/france\/wp-content\/uploads\/sites\/4\/2025\/12\/whatsapp-image-2025-11-25-at-4-13-37-pm4-230x307.jpeg 230w, https:\/\/www.systra.com\/france\/wp-content\/uploads\/sites\/4\/2025\/12\/whatsapp-image-2025-11-25-at-4-13-37-pm4.jpeg 1200w\" sizes=\"(max-width: 768px) 100vw, 768px\" \/><figcaption class=\"wp-element-caption\"><strong><em>Vivario &#8211; Source: SYSTRA France<\/em><\/strong><\/figcaption><\/figure>\n<\/figure>\n\n\n\n<p>En plus des nombreux travaux de voies, de quais et d\u2019\u00e9quipements d\u00e9j\u00e0 r\u00e9alis\u00e9s, de prochaines gares pourront, elles aussi, b\u00e9n\u00e9ficier de l\u2019information voyageur \u00e0 court terme. En parall\u00e8le, de nombreux ouvrages d\u2019art \u2013 ponts, viaducs, tunnels \u2013 font l\u2019objet de r\u00e9novations afin de garantir la fiabilit\u00e9 globale de l\u2019infrastructure.<\/p>\n\n\n\n<div style=\"height:100px\" aria-hidden=\"true\" class=\"wp-block-spacer\"><\/div>\n\n\n<div class=\"wp-block-image\">\n<figure class=\"aligncenter size-large\"><img decoding=\"async\" width=\"1024\" height=\"768\" src=\"https:\/\/www.systra.com\/france\/wp-content\/uploads\/sites\/4\/2025\/12\/whatsapp-image-2025-11-25-at-4-23-22-pm-edited-1024x768.jpeg\" alt=\"\" class=\"wp-image-52397\" srcset=\"https:\/\/www.systra.com\/france\/wp-content\/uploads\/sites\/4\/2025\/12\/whatsapp-image-2025-11-25-at-4-23-22-pm-edited-1024x768.jpeg 1024w, https:\/\/www.systra.com\/france\/wp-content\/uploads\/sites\/4\/2025\/12\/whatsapp-image-2025-11-25-at-4-23-22-pm-edited-300x225.jpeg 300w, https:\/\/www.systra.com\/france\/wp-content\/uploads\/sites\/4\/2025\/12\/whatsapp-image-2025-11-25-at-4-23-22-pm-edited-768x576.jpeg 768w, https:\/\/www.systra.com\/france\/wp-content\/uploads\/sites\/4\/2025\/12\/whatsapp-image-2025-11-25-at-4-23-22-pm-edited-474x356.jpeg 474w, https:\/\/www.systra.com\/france\/wp-content\/uploads\/sites\/4\/2025\/12\/whatsapp-image-2025-11-25-at-4-23-22-pm-edited-800x600.jpeg 800w, https:\/\/www.systra.com\/france\/wp-content\/uploads\/sites\/4\/2025\/12\/whatsapp-image-2025-11-25-at-4-23-22-pm-edited-180x135.jpeg 180w, https:\/\/www.systra.com\/france\/wp-content\/uploads\/sites\/4\/2025\/12\/whatsapp-image-2025-11-25-at-4-23-22-pm-edited-153x115.jpeg 153w, https:\/\/www.systra.com\/france\/wp-content\/uploads\/sites\/4\/2025\/12\/whatsapp-image-2025-11-25-at-4-23-22-pm-edited-230x173.jpeg 230w, https:\/\/www.systra.com\/france\/wp-content\/uploads\/sites\/4\/2025\/12\/whatsapp-image-2025-11-25-at-4-23-22-pm-edited.jpeg 1200w\" sizes=\"(max-width: 1024px) 100vw, 1024px\" \/><figcaption class=\"wp-element-caption\"><em>Information Voyageurs sur 9 gares &#8211; Source: SYSTRA France<\/em><\/figcaption><\/figure>\n<\/div>\n\n\n<div style=\"height:100px\" aria-hidden=\"true\" class=\"wp-block-spacer\"><\/div>\n\n\n\n<h2 class=\"wp-block-heading\" id=\"h-systra-maitre-d-oeuvre-de-la-modernisation-ferroviaire-en-corse\">SYSTRA, ma\u00eetre d&#8217;oeuvre de la modernisation ferroviaire en Corse<\/h2>\n\n\n\n<div style=\"height:100px\" aria-hidden=\"true\" class=\"wp-block-spacer\"><\/div>\n\n\n\n<p>SYSTRA joue un r\u00f4le central dans le projet de Commande Centralis\u00e9e de Voie Unique (CCVU) sur le r\u00e9seau des Chemins de Fer de la Corse. Reconnue pour son expertise en ing\u00e9nierie ferroviaire, l\u2019entreprise est charg\u00e9e de la ma\u00eetrise d\u2019\u0153uvre globale, de la conception initiale \u00e0 la mise en service et au suivi post-projet. Son intervention permet de moderniser l\u2019ensemble de la gestion des circulations sur un r\u00e9seau majoritairement \u00e0 voie unique, tout en garantissant la s\u00e9curit\u00e9 et la continuit\u00e9 du service pendant les travaux.<\/p>\n\n\n\n<div style=\"height:20px\" aria-hidden=\"true\" class=\"wp-block-spacer\"><\/div>\n\n\n\n<p>Les missions de SYSTRA couvrent toutes les \u00e9tapes du projet. Elle r\u00e9alise les \u00e9tudes pr\u00e9alables et les dossiers de projet, pr\u00e9pare et assiste \u00e0 la passation des march\u00e9s de travaux, supervise l\u2019ex\u00e9cution des chantiers et assure la r\u00e9ception finale des \u00e9quipements. Elle veille \u00e9galement \u00e0 la conformit\u00e9 r\u00e9glementaire, \u00e0 la s\u00fbret\u00e9 et \u00e0 la s\u00e9curit\u00e9 ferroviaire, et accompagne le r\u00e9seau dans l\u2019adoption de nouvelles technologies de signalisation et de contr\u00f4le.<\/p>\n\n\n\n<div style=\"height:100px\" aria-hidden=\"true\" class=\"wp-block-spacer\"><\/div>\n\n\n\n<figure class=\"wp-block-gallery has-nested-images columns-default is-cropped wp-block-gallery-2 is-layout-flex wp-block-gallery-is-layout-flex\">\n<figure class=\"wp-block-image size-large\"><img decoding=\"async\" width=\"1024\" height=\"768\" data-id=\"52404\" src=\"https:\/\/www.systra.com\/france\/wp-content\/uploads\/sites\/4\/2025\/12\/image-22-1024x768.jpg\" alt=\"\" class=\"wp-image-52404\" srcset=\"https:\/\/www.systra.com\/france\/wp-content\/uploads\/sites\/4\/2025\/12\/image-22-1024x768.jpg 1024w, https:\/\/www.systra.com\/france\/wp-content\/uploads\/sites\/4\/2025\/12\/image-22-300x225.jpg 300w, https:\/\/www.systra.com\/france\/wp-content\/uploads\/sites\/4\/2025\/12\/image-22-768x576.jpg 768w, https:\/\/www.systra.com\/france\/wp-content\/uploads\/sites\/4\/2025\/12\/image-22-1536x1152.jpg 1536w, https:\/\/www.systra.com\/france\/wp-content\/uploads\/sites\/4\/2025\/12\/image-22-2048x1536.jpg 2048w, https:\/\/www.systra.com\/france\/wp-content\/uploads\/sites\/4\/2025\/12\/image-22-474x356.jpg 474w, https:\/\/www.systra.com\/france\/wp-content\/uploads\/sites\/4\/2025\/12\/image-22-1700x1275.jpg 1700w, https:\/\/www.systra.com\/france\/wp-content\/uploads\/sites\/4\/2025\/12\/image-22-1352x1014.jpg 1352w, https:\/\/www.systra.com\/france\/wp-content\/uploads\/sites\/4\/2025\/12\/image-22-800x600.jpg 800w, https:\/\/www.systra.com\/france\/wp-content\/uploads\/sites\/4\/2025\/12\/image-22-180x135.jpg 180w, https:\/\/www.systra.com\/france\/wp-content\/uploads\/sites\/4\/2025\/12\/image-22-153x115.jpg 153w, https:\/\/www.systra.com\/france\/wp-content\/uploads\/sites\/4\/2025\/12\/image-22-230x173.jpg 230w\" sizes=\"(max-width: 1024px) 100vw, 1024px\" \/><figcaption class=\"wp-element-caption\"><em>Poste de commande &#8211; Source SYSTRA France<\/em><\/figcaption><\/figure>\n\n\n\n<figure class=\"wp-block-image size-large\"><img decoding=\"async\" width=\"1024\" height=\"768\" data-id=\"52403\" src=\"https:\/\/www.systra.com\/france\/wp-content\/uploads\/sites\/4\/2025\/12\/whatsapp-image-2025-11-25-at-4-13-37-pm5-1024x768.jpeg\" alt=\"\" class=\"wp-image-52403\" srcset=\"https:\/\/www.systra.com\/france\/wp-content\/uploads\/sites\/4\/2025\/12\/whatsapp-image-2025-11-25-at-4-13-37-pm5-1024x768.jpeg 1024w, https:\/\/www.systra.com\/france\/wp-content\/uploads\/sites\/4\/2025\/12\/whatsapp-image-2025-11-25-at-4-13-37-pm5-300x225.jpeg 300w, https:\/\/www.systra.com\/france\/wp-content\/uploads\/sites\/4\/2025\/12\/whatsapp-image-2025-11-25-at-4-13-37-pm5-768x576.jpeg 768w, https:\/\/www.systra.com\/france\/wp-content\/uploads\/sites\/4\/2025\/12\/whatsapp-image-2025-11-25-at-4-13-37-pm5-1536x1152.jpeg 1536w, https:\/\/www.systra.com\/france\/wp-content\/uploads\/sites\/4\/2025\/12\/whatsapp-image-2025-11-25-at-4-13-37-pm5-474x356.jpeg 474w, https:\/\/www.systra.com\/france\/wp-content\/uploads\/sites\/4\/2025\/12\/whatsapp-image-2025-11-25-at-4-13-37-pm5-1700x1275.jpeg 1700w, https:\/\/www.systra.com\/france\/wp-content\/uploads\/sites\/4\/2025\/12\/whatsapp-image-2025-11-25-at-4-13-37-pm5-1352x1014.jpeg 1352w, https:\/\/www.systra.com\/france\/wp-content\/uploads\/sites\/4\/2025\/12\/whatsapp-image-2025-11-25-at-4-13-37-pm5-800x600.jpeg 800w, https:\/\/www.systra.com\/france\/wp-content\/uploads\/sites\/4\/2025\/12\/whatsapp-image-2025-11-25-at-4-13-37-pm5-180x135.jpeg 180w, https:\/\/www.systra.com\/france\/wp-content\/uploads\/sites\/4\/2025\/12\/whatsapp-image-2025-11-25-at-4-13-37-pm5-153x115.jpeg 153w, https:\/\/www.systra.com\/france\/wp-content\/uploads\/sites\/4\/2025\/12\/whatsapp-image-2025-11-25-at-4-13-37-pm5-230x173.jpeg 230w, https:\/\/www.systra.com\/france\/wp-content\/uploads\/sites\/4\/2025\/12\/whatsapp-image-2025-11-25-at-4-13-37-pm5.jpeg 2016w\" sizes=\"(max-width: 1024px) 100vw, 1024px\" \/><figcaption class=\"wp-element-caption\"><em>Poste de commande &#8211; Source SYSTRA France<\/em><\/figcaption><\/figure>\n<\/figure>\n\n\n\n<div style=\"height:30px\" aria-hidden=\"true\" class=\"wp-block-spacer\"><\/div>\n\n\n\n<p>Gr\u00e2ce \u00e0 son savoir-faire pluridisciplinaire, combinant infrastructures, syst\u00e8mes de signalisation, exploitation et respect des normes environnementales, SYSTRA garantit la coh\u00e9rence et la performance de ce projet complexe. Son r\u00f4le est d\u00e9terminant pour assurer le succ\u00e8s de la CCVU, qui vise \u00e0 rendre le r\u00e9seau corse plus s\u00fbr, plus fr\u00e9quent\u00e9 et plus fiable, tout en pr\u00e9parant le chemin de fer insulaire aux d\u00e9fis de la mobilit\u00e9 durable et du d\u00e9veloppement \u00e9conomique de l\u2019\u00eele.<\/p>\n\n\n\n<div style=\"height:100px\" aria-hidden=\"true\" class=\"wp-block-spacer\"><\/div>\n\n\n\n<h2 class=\"wp-block-heading\" id=\"h-une-transformation-durable-pour-l-avenir-du-rail\">Une transformation durable pour l&#8217;avenir du rail<\/h2>\n\n\n\n<div style=\"height:100px\" aria-hidden=\"true\" class=\"wp-block-spacer\"><\/div>\n\n\n\n<p>La Commande Centralis\u00e9e de Voie Unique ne se limite pas \u00e0 l\u2019introduction d\u2019un \u00e9quipement technologique. Elle marque une v\u00e9ritable transition vers une nouvelle \u00e8re pour le chemin de fer en Corse.<\/p>\n\n\n\n<div style=\"height:20px\" aria-hidden=\"true\" class=\"wp-block-spacer\"><\/div>\n\n\n\n<p>En modernisant ainsi son r\u00e9seau, la Corse fait le choix d\u2019un transport public performant, au service du d\u00e9veloppement territorial et de la transition \u00e9cologique. Le projet CCVU constitue donc un jalon essentiel, appel\u00e9 \u00e0 structurer durablement l\u2019avenir des d\u00e9placements sur l\u2019\u00eele.<\/p>\n\n\n\n<div style=\"height:20px\" aria-hidden=\"true\" class=\"wp-block-spacer\"><\/div>\n\n\n\n<p>Le mod\u00e8le corse de Commande Centralis\u00e9e de Voie Unique pourrait inspirer d\u2019autres r\u00e9gions confront\u00e9es \u00e0 l\u2019obsolescence des syst\u00e8mes d\u2019exploitation sur lignes ferroviaires r\u00e9gionales. Cette exp\u00e9rience constitue ainsi une r\u00e9f\u00e9rence technique et organisationnelle reconnue au-del\u00e0 de l\u2019\u00eele, consolidant la position de la Corse comme laboratoire d\u2019innovation ferroviaire.<\/p>\n\n\n\n<div style=\"height:100px\" aria-hidden=\"true\" class=\"wp-block-spacer\"><\/div>\n\n\n\n<div class=\"wp-block-slider-projects\">\n\t\t\t<h2 class=\"h2like\">Nos r\u00e9f\u00e9rences<\/h2>\n\t\t<div class=\"wrapper-content-slider-projects\">\n\t\t\t\t\t<ul class=\"content-slider-projects\">\n\t\t\t\t\t\t\t\t\t<li class=\"single-slider-projects\">\n\t\t\t\t\t\t<img \n\t\t\t\t\t\t\tsrc=\"https:\/\/www.systra.com\/france\/wp-content\/uploads\/sites\/4\/2021\/03\/carcassonne_limoux-474x474.jpg\" \n\t\t\t\t\t\t\talt=\"\u00c9tude de la ligne Carcassonne &#8211; Quillan en Occitanie\"\n\t\t\t\t\t\t\twidth=\"474\" \n\t\t\t\t\t\t\theight=\"474\"\n\t\t\t\t\t\t\tloading=\"lazy\"\n\t\t\t\t\t\t\tdecoding=\"async\"\n\t\t\t\t\t\t\tclass=\"slider-background-image\"\n\t\t\t\t\t\t>\n\t\t\t\t\t\t<div class=\"slider-content\">\n\t\t\t\t\t\t\t<a href=\"https:\/\/www.systra.com\/france\/project\/__trashed-2\/\" class=\"link-slider-projects\">\n\t\t\t\t\t\t\t\t<span>\u00c9tude de la ligne Carcassonne &#8211; Quillan en Occitanie<\/span>\n\t\t\t\t\t\t\t<\/a>\n\t\t\t\t\t\t<\/div>\n\t\t\t\t\t<\/li>\n\t\t\t\t\t\t\t\t\t<li class=\"single-slider-projects\">\n\t\t\t\t\t\t<img \n\t\t\t\t\t\t\tsrc=\"https:\/\/www.systra.com\/france\/wp-content\/uploads\/sites\/4\/2021\/03\/4400_-photo-1-2020-12-02-1-e1617027493693-474x474.jpg\" \n\t\t\t\t\t\t\talt=\"R\u00e9g\u00e9n\u00e9ration de la ligne ferroviaire Saint-Gervais \u00e0 Vallorcine\"\n\t\t\t\t\t\t\twidth=\"474\" \n\t\t\t\t\t\t\theight=\"474\"\n\t\t\t\t\t\t\tloading=\"lazy\"\n\t\t\t\t\t\t\tdecoding=\"async\"\n\t\t\t\t\t\t\tclass=\"slider-background-image\"\n\t\t\t\t\t\t>\n\t\t\t\t\t\t<div class=\"slider-content\">\n\t\t\t\t\t\t\t<a href=\"https:\/\/www.systra.com\/france\/project\/regeneration-de-la-ligne-ferroviaire-saint-gervais-a-vallorcine\/\" class=\"link-slider-projects\">\n\t\t\t\t\t\t\t\t<span>R\u00e9g\u00e9n\u00e9ration de la ligne ferroviaire Saint-Gervais \u00e0 Vallorcine<\/span>\n\t\t\t\t\t\t\t<\/a>\n\t\t\t\t\t\t<\/div>\n\t\t\t\t\t<\/li>\n\t\t\t\t\t\t\t\t\t<li class=\"single-slider-projects\">\n\t\t\t\t\t\t<img \n\t\t\t\t\t\t\tsrc=\"https:\/\/www.systra.com\/france\/wp-content\/uploads\/sites\/4\/2021\/03\/plan-du-var-min-min-e1623232906570-474x474.png\" \n\t\t\t\t\t\t\talt=\"D\u00e9veloppement de la ligne des Chemins de fer de Provence\"\n\t\t\t\t\t\t\twidth=\"474\" \n\t\t\t\t\t\t\theight=\"474\"\n\t\t\t\t\t\t\tloading=\"lazy\"\n\t\t\t\t\t\t\tdecoding=\"async\"\n\t\t\t\t\t\t\tclass=\"slider-background-image\"\n\t\t\t\t\t\t>\n\t\t\t\t\t\t<div class=\"slider-content\">\n\t\t\t\t\t\t\t<a href=\"https:\/\/www.systra.com\/france\/project\/developpement-de-la-ligne-des-chemins-de-fer-de-provence\/\" class=\"link-slider-projects\">\n\t\t\t\t\t\t\t\t<span>D\u00e9veloppement de la ligne des Chemins de fer de Provence<\/span>\n\t\t\t\t\t\t\t<\/a>\n\t\t\t\t\t\t<\/div>\n\t\t\t\t\t<\/li>\n\t\t\t\t\t\t\t<\/ul>\n\t\t\t\t\t\t<\/div>\n\t<\/div>","protected":false},"excerpt":{"rendered":"<p>La Corse a entrepris depuis plusieurs ann\u00e9es une transformation profonde de ses infrastructures de transport. Dans ce contexte, la modernisation du r\u00e9seau ferroviaire occupe une place essentielle. <\/p>\n","protected":false},"author":23,"featured_media":3524,"comment_status":"closed","ping_status":"closed","sticky":false,"template":"","format":"standard","meta":{"_acf_changed":false,"_relevanssi_hide_post":"","_relevanssi_hide_content":"","_relevanssi_pin_for_all":"","_relevanssi_pin_keywords":"","_relevanssi_unpin_keywords":"","_relevanssi_related_keywords":"","_relevanssi_related_include_ids":"","_relevanssi_related_exclude_ids":"","_relevanssi_related_no_append":"","_relevanssi_related_not_related":"","_relevanssi_related_posts":"30242,3647,5189,6401,6255,4995","_relevanssi_noindex_reason":"","footnotes":""},"categories":[25289],"tags":[],"class_list":["post-52375","post","type-post","status-publish","format-standard","has-post-thumbnail","hentry","category-non-classe"],"acf":[],"yoast_head":"<!-- This site is optimized with the Yoast SEO Premium plugin v27.4 (Yoast SEO v27.4) - https:\/\/yoast.com\/product\/yoast-seo-premium-wordpress\/ -->\n<title>Modernisation du r\u00e9seau ferroviaire Corse, un projet cl\u00e9 pour l&#039;avenir des transports insulaires - France<\/title>\n<meta name=\"description\" content=\"La Corse a entrepris depuis plusieurs ann\u00e9es une transformation profonde de ses infrastructures de transport. Dans ce contexte, la modernisation du r\u00e9seau ferroviaire occupe une place essentielle.\" \/>\n<meta name=\"robots\" content=\"index, follow, max-snippet:-1, max-image-preview:large, max-video-preview:-1\" \/>\n<meta property=\"og:locale\" content=\"fr_FR\" \/>\n<meta property=\"og:type\" content=\"article\" \/>\n<meta property=\"og:title\" content=\"Modernisation du r\u00e9seau ferroviaire Corse, un projet cl\u00e9 pour l&#039;avenir des transports insulaires\" \/>\n<meta property=\"og:description\" content=\"La Corse a entrepris depuis plusieurs ann\u00e9es une transformation profonde de ses infrastructures de transport. Dans ce contexte, la modernisation du r\u00e9seau ferroviaire occupe une place essentielle.\" \/>\n<meta property=\"og:url\" content=\"https:\/\/www.systra.com\/france\/news\/modernisation-du-reseau-ferroviaire-corse-un-projet-cle-pour-lavenir-des-transports-insulaires\/\" \/>\n<meta property=\"og:site_name\" content=\"France\" \/>\n<meta property=\"article:publisher\" content=\"https:\/\/www.facebook.com\/SYSTRA\" \/>\n<meta property=\"article:published_time\" content=\"2025-12-15T21:44:08+00:00\" \/>\n<meta property=\"article:modified_time\" content=\"2025-12-15T21:52:02+00:00\" \/>\n<meta property=\"og:image\" content=\"https:\/\/www.systra.com\/france\/wp-content\/uploads\/sites\/4\/2021\/09\/cfc_1.jpg\" \/>\n\t<meta property=\"og:image:width\" content=\"2048\" \/>\n\t<meta property=\"og:image:height\" content=\"1356\" \/>\n\t<meta property=\"og:image:type\" content=\"image\/jpeg\" \/>\n<meta name=\"author\" content=\"LOUBINOUX Marie\" \/>\n<meta name=\"twitter:card\" content=\"summary_large_image\" \/>\n<meta name=\"twitter:creator\" content=\"@SYSTRA_LTD\" \/>\n<meta name=\"twitter:site\" content=\"@SYSTRA_LTD\" \/>\n<meta name=\"twitter:label1\" content=\"\u00c9crit par\" \/>\n\t<meta name=\"twitter:data1\" content=\"LOUBINOUX Marie\" \/>\n\t<meta name=\"twitter:label2\" content=\"Dur\u00e9e de lecture estim\u00e9e\" \/>\n\t<meta name=\"twitter:data2\" content=\"8 minutes\" \/>\n<script type=\"application\/ld+json\" class=\"yoast-schema-graph\">{\"@context\":\"https:\\\/\\\/schema.org\",\"@graph\":[{\"@type\":\"Article\",\"@id\":\"https:\\\/\\\/www.systra.com\\\/france\\\/news\\\/modernisation-du-reseau-ferroviaire-corse-un-projet-cle-pour-lavenir-des-transports-insulaires\\\/#article\",\"isPartOf\":{\"@id\":\"https:\\\/\\\/www.systra.com\\\/france\\\/news\\\/modernisation-du-reseau-ferroviaire-corse-un-projet-cle-pour-lavenir-des-transports-insulaires\\\/\"},\"author\":{\"name\":\"LOUBINOUX Marie\",\"@id\":\"https:\\\/\\\/www.systra.com\\\/france\\\/#\\\/schema\\\/person\\\/1d68aec6e887fdb81fd5fca3985f9b69\"},\"headline\":\"Modernisation du r\u00e9seau ferroviaire Corse, un projet cl\u00e9 pour l&#8217;avenir des transports insulaires\",\"datePublished\":\"2025-12-15T21:44:08+00:00\",\"dateModified\":\"2025-12-15T21:52:02+00:00\",\"mainEntityOfPage\":{\"@id\":\"https:\\\/\\\/www.systra.com\\\/france\\\/news\\\/modernisation-du-reseau-ferroviaire-corse-un-projet-cle-pour-lavenir-des-transports-insulaires\\\/\"},\"wordCount\":1320,\"publisher\":{\"@id\":\"https:\\\/\\\/www.systra.com\\\/france\\\/#organization\"},\"image\":{\"@id\":\"https:\\\/\\\/www.systra.com\\\/france\\\/news\\\/modernisation-du-reseau-ferroviaire-corse-un-projet-cle-pour-lavenir-des-transports-insulaires\\\/#primaryimage\"},\"thumbnailUrl\":\"https:\\\/\\\/www.systra.com\\\/france\\\/wp-content\\\/uploads\\\/sites\\\/4\\\/2021\\\/09\\\/cfc_1.jpg\",\"inLanguage\":\"fr-FR\"},{\"@type\":\"WebPage\",\"@id\":\"https:\\\/\\\/www.systra.com\\\/france\\\/news\\\/modernisation-du-reseau-ferroviaire-corse-un-projet-cle-pour-lavenir-des-transports-insulaires\\\/\",\"url\":\"https:\\\/\\\/www.systra.com\\\/france\\\/news\\\/modernisation-du-reseau-ferroviaire-corse-un-projet-cle-pour-lavenir-des-transports-insulaires\\\/\",\"name\":\"Modernisation du r\u00e9seau ferroviaire Corse, un projet cl\u00e9 pour l'avenir des transports insulaires - France\",\"isPartOf\":{\"@id\":\"https:\\\/\\\/www.systra.com\\\/france\\\/#website\"},\"primaryImageOfPage\":{\"@id\":\"https:\\\/\\\/www.systra.com\\\/france\\\/news\\\/modernisation-du-reseau-ferroviaire-corse-un-projet-cle-pour-lavenir-des-transports-insulaires\\\/#primaryimage\"},\"image\":{\"@id\":\"https:\\\/\\\/www.systra.com\\\/france\\\/news\\\/modernisation-du-reseau-ferroviaire-corse-un-projet-cle-pour-lavenir-des-transports-insulaires\\\/#primaryimage\"},\"thumbnailUrl\":\"https:\\\/\\\/www.systra.com\\\/france\\\/wp-content\\\/uploads\\\/sites\\\/4\\\/2021\\\/09\\\/cfc_1.jpg\",\"datePublished\":\"2025-12-15T21:44:08+00:00\",\"dateModified\":\"2025-12-15T21:52:02+00:00\",\"description\":\"La Corse a entrepris depuis plusieurs ann\u00e9es une transformation profonde de ses infrastructures de transport. Dans ce contexte, la modernisation du r\u00e9seau ferroviaire occupe une place essentielle.\",\"breadcrumb\":{\"@id\":\"https:\\\/\\\/www.systra.com\\\/france\\\/news\\\/modernisation-du-reseau-ferroviaire-corse-un-projet-cle-pour-lavenir-des-transports-insulaires\\\/#breadcrumb\"},\"inLanguage\":\"fr-FR\",\"potentialAction\":[{\"@type\":\"ReadAction\",\"target\":[\"https:\\\/\\\/www.systra.com\\\/france\\\/news\\\/modernisation-du-reseau-ferroviaire-corse-un-projet-cle-pour-lavenir-des-transports-insulaires\\\/\"]}]},{\"@type\":\"ImageObject\",\"inLanguage\":\"fr-FR\",\"@id\":\"https:\\\/\\\/www.systra.com\\\/france\\\/news\\\/modernisation-du-reseau-ferroviaire-corse-un-projet-cle-pour-lavenir-des-transports-insulaires\\\/#primaryimage\",\"url\":\"https:\\\/\\\/www.systra.com\\\/france\\\/wp-content\\\/uploads\\\/sites\\\/4\\\/2021\\\/09\\\/cfc_1.jpg\",\"contentUrl\":\"https:\\\/\\\/www.systra.com\\\/france\\\/wp-content\\\/uploads\\\/sites\\\/4\\\/2021\\\/09\\\/cfc_1.jpg\",\"width\":2048,\"height\":1356},{\"@type\":\"BreadcrumbList\",\"@id\":\"https:\\\/\\\/www.systra.com\\\/france\\\/news\\\/modernisation-du-reseau-ferroviaire-corse-un-projet-cle-pour-lavenir-des-transports-insulaires\\\/#breadcrumb\",\"itemListElement\":[{\"@type\":\"ListItem\",\"position\":1,\"name\":\"Accueil\",\"item\":\"https:\\\/\\\/www.systra.com\\\/france\\\/\"},{\"@type\":\"ListItem\",\"position\":2,\"name\":\"Modernisation du r\u00e9seau ferroviaire Corse, un projet cl\u00e9 pour l&#8217;avenir des transports insulaires\"}]},{\"@type\":\"WebSite\",\"@id\":\"https:\\\/\\\/www.systra.com\\\/france\\\/#website\",\"url\":\"https:\\\/\\\/www.systra.com\\\/france\\\/\",\"name\":\"France\",\"description\":\"La confiance transporte le monde\",\"publisher\":{\"@id\":\"https:\\\/\\\/www.systra.com\\\/france\\\/#organization\"},\"potentialAction\":[{\"@type\":\"SearchAction\",\"target\":{\"@type\":\"EntryPoint\",\"urlTemplate\":\"https:\\\/\\\/www.systra.com\\\/france\\\/?s={search_term_string}\"},\"query-input\":{\"@type\":\"PropertyValueSpecification\",\"valueRequired\":true,\"valueName\":\"search_term_string\"}}],\"inLanguage\":\"fr-FR\"},{\"@type\":\"Organization\",\"@id\":\"https:\\\/\\\/www.systra.com\\\/france\\\/#organization\",\"name\":\"Systra France\",\"url\":\"https:\\\/\\\/www.systra.com\\\/france\\\/\",\"logo\":{\"@type\":\"ImageObject\",\"inLanguage\":\"fr-FR\",\"@id\":\"https:\\\/\\\/www.systra.com\\\/france\\\/#\\\/schema\\\/logo\\\/image\\\/\",\"url\":\"https:\\\/\\\/www.systra.com\\\/france\\\/wp-content\\\/uploads\\\/sites\\\/4\\\/2021\\\/03\\\/systra_logo_svg.svg\",\"contentUrl\":\"https:\\\/\\\/www.systra.com\\\/france\\\/wp-content\\\/uploads\\\/sites\\\/4\\\/2021\\\/03\\\/systra_logo_svg.svg\",\"width\":179,\"height\":34,\"caption\":\"Systra France\"},\"image\":{\"@id\":\"https:\\\/\\\/www.systra.com\\\/france\\\/#\\\/schema\\\/logo\\\/image\\\/\"},\"sameAs\":[\"https:\\\/\\\/www.facebook.com\\\/SYSTRA\",\"https:\\\/\\\/x.com\\\/SYSTRA_LTD\",\"https:\\\/\\\/www.linkedin.com\\\/company\\\/systra\\\/\"]},{\"@type\":\"Person\",\"@id\":\"https:\\\/\\\/www.systra.com\\\/france\\\/#\\\/schema\\\/person\\\/1d68aec6e887fdb81fd5fca3985f9b69\",\"name\":\"LOUBINOUX Marie\",\"image\":{\"@type\":\"ImageObject\",\"inLanguage\":\"fr-FR\",\"@id\":\"https:\\\/\\\/secure.gravatar.com\\\/avatar\\\/d68f4c98ae0af26d43522696ccdd48d014fe2188c2215b794e138e25901c0dfd?s=96&d=mm&r=g\",\"url\":\"https:\\\/\\\/secure.gravatar.com\\\/avatar\\\/d68f4c98ae0af26d43522696ccdd48d014fe2188c2215b794e138e25901c0dfd?s=96&d=mm&r=g\",\"contentUrl\":\"https:\\\/\\\/secure.gravatar.com\\\/avatar\\\/d68f4c98ae0af26d43522696ccdd48d014fe2188c2215b794e138e25901c0dfd?s=96&d=mm&r=g\",\"caption\":\"LOUBINOUX Marie\"}}]}<\/script>\n<!-- \/ Yoast SEO Premium plugin. -->","yoast_head_json":{"title":"Modernisation du r\u00e9seau ferroviaire Corse, un projet cl\u00e9 pour l'avenir des transports insulaires - France","description":"La Corse a entrepris depuis plusieurs ann\u00e9es une transformation profonde de ses infrastructures de transport. Dans ce contexte, la modernisation du r\u00e9seau ferroviaire occupe une place essentielle.","robots":{"index":"index","follow":"follow","max-snippet":"max-snippet:-1","max-image-preview":"max-image-preview:large","max-video-preview":"max-video-preview:-1"},"og_locale":"fr_FR","og_type":"article","og_title":"Modernisation du r\u00e9seau ferroviaire Corse, un projet cl\u00e9 pour l'avenir des transports insulaires","og_description":"La Corse a entrepris depuis plusieurs ann\u00e9es une transformation profonde de ses infrastructures de transport. Dans ce contexte, la modernisation du r\u00e9seau ferroviaire occupe une place essentielle.","og_url":"https:\/\/www.systra.com\/france\/news\/modernisation-du-reseau-ferroviaire-corse-un-projet-cle-pour-lavenir-des-transports-insulaires\/","og_site_name":"France","article_publisher":"https:\/\/www.facebook.com\/SYSTRA","article_published_time":"2025-12-15T21:44:08+00:00","article_modified_time":"2025-12-15T21:52:02+00:00","og_image":[{"width":2048,"height":1356,"url":"https:\/\/www.systra.com\/france\/wp-content\/uploads\/sites\/4\/2021\/09\/cfc_1.jpg","type":"image\/jpeg"}],"author":"LOUBINOUX Marie","twitter_card":"summary_large_image","twitter_creator":"@SYSTRA_LTD","twitter_site":"@SYSTRA_LTD","twitter_misc":{"\u00c9crit par":"LOUBINOUX Marie","Dur\u00e9e de lecture estim\u00e9e":"8 minutes"},"schema":{"@context":"https:\/\/schema.org","@graph":[{"@type":"Article","@id":"https:\/\/www.systra.com\/france\/news\/modernisation-du-reseau-ferroviaire-corse-un-projet-cle-pour-lavenir-des-transports-insulaires\/#article","isPartOf":{"@id":"https:\/\/www.systra.com\/france\/news\/modernisation-du-reseau-ferroviaire-corse-un-projet-cle-pour-lavenir-des-transports-insulaires\/"},"author":{"name":"LOUBINOUX Marie","@id":"https:\/\/www.systra.com\/france\/#\/schema\/person\/1d68aec6e887fdb81fd5fca3985f9b69"},"headline":"Modernisation du r\u00e9seau ferroviaire Corse, un projet cl\u00e9 pour l&#8217;avenir des transports insulaires","datePublished":"2025-12-15T21:44:08+00:00","dateModified":"2025-12-15T21:52:02+00:00","mainEntityOfPage":{"@id":"https:\/\/www.systra.com\/france\/news\/modernisation-du-reseau-ferroviaire-corse-un-projet-cle-pour-lavenir-des-transports-insulaires\/"},"wordCount":1320,"publisher":{"@id":"https:\/\/www.systra.com\/france\/#organization"},"image":{"@id":"https:\/\/www.systra.com\/france\/news\/modernisation-du-reseau-ferroviaire-corse-un-projet-cle-pour-lavenir-des-transports-insulaires\/#primaryimage"},"thumbnailUrl":"https:\/\/www.systra.com\/france\/wp-content\/uploads\/sites\/4\/2021\/09\/cfc_1.jpg","inLanguage":"fr-FR"},{"@type":"WebPage","@id":"https:\/\/www.systra.com\/france\/news\/modernisation-du-reseau-ferroviaire-corse-un-projet-cle-pour-lavenir-des-transports-insulaires\/","url":"https:\/\/www.systra.com\/france\/news\/modernisation-du-reseau-ferroviaire-corse-un-projet-cle-pour-lavenir-des-transports-insulaires\/","name":"Modernisation du r\u00e9seau ferroviaire Corse, un projet cl\u00e9 pour l'avenir des transports insulaires - France","isPartOf":{"@id":"https:\/\/www.systra.com\/france\/#website"},"primaryImageOfPage":{"@id":"https:\/\/www.systra.com\/france\/news\/modernisation-du-reseau-ferroviaire-corse-un-projet-cle-pour-lavenir-des-transports-insulaires\/#primaryimage"},"image":{"@id":"https:\/\/www.systra.com\/france\/news\/modernisation-du-reseau-ferroviaire-corse-un-projet-cle-pour-lavenir-des-transports-insulaires\/#primaryimage"},"thumbnailUrl":"https:\/\/www.systra.com\/france\/wp-content\/uploads\/sites\/4\/2021\/09\/cfc_1.jpg","datePublished":"2025-12-15T21:44:08+00:00","dateModified":"2025-12-15T21:52:02+00:00","description":"La Corse a entrepris depuis plusieurs ann\u00e9es une transformation profonde de ses infrastructures de transport. Dans ce contexte, la modernisation du r\u00e9seau ferroviaire occupe une place essentielle.","breadcrumb":{"@id":"https:\/\/www.systra.com\/france\/news\/modernisation-du-reseau-ferroviaire-corse-un-projet-cle-pour-lavenir-des-transports-insulaires\/#breadcrumb"},"inLanguage":"fr-FR","potentialAction":[{"@type":"ReadAction","target":["https:\/\/www.systra.com\/france\/news\/modernisation-du-reseau-ferroviaire-corse-un-projet-cle-pour-lavenir-des-transports-insulaires\/"]}]},{"@type":"ImageObject","inLanguage":"fr-FR","@id":"https:\/\/www.systra.com\/france\/news\/modernisation-du-reseau-ferroviaire-corse-un-projet-cle-pour-lavenir-des-transports-insulaires\/#primaryimage","url":"https:\/\/www.systra.com\/france\/wp-content\/uploads\/sites\/4\/2021\/09\/cfc_1.jpg","contentUrl":"https:\/\/www.systra.com\/france\/wp-content\/uploads\/sites\/4\/2021\/09\/cfc_1.jpg","width":2048,"height":1356},{"@type":"BreadcrumbList","@id":"https:\/\/www.systra.com\/france\/news\/modernisation-du-reseau-ferroviaire-corse-un-projet-cle-pour-lavenir-des-transports-insulaires\/#breadcrumb","itemListElement":[{"@type":"ListItem","position":1,"name":"Accueil","item":"https:\/\/www.systra.com\/france\/"},{"@type":"ListItem","position":2,"name":"Modernisation du r\u00e9seau ferroviaire Corse, un projet cl\u00e9 pour l&#8217;avenir des transports insulaires"}]},{"@type":"WebSite","@id":"https:\/\/www.systra.com\/france\/#website","url":"https:\/\/www.systra.com\/france\/","name":"France","description":"La confiance transporte le monde","publisher":{"@id":"https:\/\/www.systra.com\/france\/#organization"},"potentialAction":[{"@type":"SearchAction","target":{"@type":"EntryPoint","urlTemplate":"https:\/\/www.systra.com\/france\/?s={search_term_string}"},"query-input":{"@type":"PropertyValueSpecification","valueRequired":true,"valueName":"search_term_string"}}],"inLanguage":"fr-FR"},{"@type":"Organization","@id":"https:\/\/www.systra.com\/france\/#organization","name":"Systra France","url":"https:\/\/www.systra.com\/france\/","logo":{"@type":"ImageObject","inLanguage":"fr-FR","@id":"https:\/\/www.systra.com\/france\/#\/schema\/logo\/image\/","url":"https:\/\/www.systra.com\/france\/wp-content\/uploads\/sites\/4\/2021\/03\/systra_logo_svg.svg","contentUrl":"https:\/\/www.systra.com\/france\/wp-content\/uploads\/sites\/4\/2021\/03\/systra_logo_svg.svg","width":179,"height":34,"caption":"Systra France"},"image":{"@id":"https:\/\/www.systra.com\/france\/#\/schema\/logo\/image\/"},"sameAs":["https:\/\/www.facebook.com\/SYSTRA","https:\/\/x.com\/SYSTRA_LTD","https:\/\/www.linkedin.com\/company\/systra\/"]},{"@type":"Person","@id":"https:\/\/www.systra.com\/france\/#\/schema\/person\/1d68aec6e887fdb81fd5fca3985f9b69","name":"LOUBINOUX Marie","image":{"@type":"ImageObject","inLanguage":"fr-FR","@id":"https:\/\/secure.gravatar.com\/avatar\/d68f4c98ae0af26d43522696ccdd48d014fe2188c2215b794e138e25901c0dfd?s=96&d=mm&r=g","url":"https:\/\/secure.gravatar.com\/avatar\/d68f4c98ae0af26d43522696ccdd48d014fe2188c2215b794e138e25901c0dfd?s=96&d=mm&r=g","contentUrl":"https:\/\/secure.gravatar.com\/avatar\/d68f4c98ae0af26d43522696ccdd48d014fe2188c2215b794e138e25901c0dfd?s=96&d=mm&r=g","caption":"LOUBINOUX Marie"}}]}},"lang":"fr","translations":{"fr":52375},"pll_sync_post":[],"_links":{"self":[{"href":"https:\/\/www.systra.com\/france\/wp-json\/wp\/v2\/posts\/52375","targetHints":{"allow":["GET"]}}],"collection":[{"href":"https:\/\/www.systra.com\/france\/wp-json\/wp\/v2\/posts"}],"about":[{"href":"https:\/\/www.systra.com\/france\/wp-json\/wp\/v2\/types\/post"}],"author":[{"embeddable":true,"href":"https:\/\/www.systra.com\/france\/wp-json\/wp\/v2\/users\/23"}],"replies":[{"embeddable":true,"href":"https:\/\/www.systra.com\/france\/wp-json\/wp\/v2\/comments?post=52375"}],"version-history":[{"count":3,"href":"https:\/\/www.systra.com\/france\/wp-json\/wp\/v2\/posts\/52375\/revisions"}],"predecessor-version":[{"id":52413,"href":"https:\/\/www.systra.com\/france\/wp-json\/wp\/v2\/posts\/52375\/revisions\/52413"}],"wp:featuredmedia":[{"embeddable":true,"href":"https:\/\/www.systra.com\/france\/wp-json\/wp\/v2\/media\/3524"}],"wp:attachment":[{"href":"https:\/\/www.systra.com\/france\/wp-json\/wp\/v2\/media?parent=52375"}],"wp:term":[{"taxonomy":"category","embeddable":true,"href":"https:\/\/www.systra.com\/france\/wp-json\/wp\/v2\/categories?post=52375"},{"taxonomy":"post_tag","embeddable":true,"href":"https:\/\/www.systra.com\/france\/wp-json\/wp\/v2\/tags?post=52375"}],"curies":[{"name":"wp","href":"https:\/\/api.w.org\/{rel}","templated":true}]}}