{"id":52241,"date":"2025-12-08T14:32:38","date_gmt":"2025-12-08T13:32:38","guid":{"rendered":"https:\/\/www.systra.com\/france\/news\/une-nouvelle-piste-cyclable-remportee-par-systra-france\/"},"modified":"2025-12-12T14:41:44","modified_gmt":"2025-12-12T13:41:44","slug":"une-nouvelle-piste-cyclable-remportee-par-systra-france","status":"publish","type":"post","link":"https:\/\/www.systra.com\/france\/news\/une-nouvelle-piste-cyclable-remportee-par-systra-france\/","title":{"rendered":"Saint-Malo &#8211; Dinard: un nouveau passage cyclable sur la Rance"},"content":{"rendered":"\n<div style=\"height:50px\" aria-hidden=\"true\" class=\"wp-block-spacer\"><\/div>\n\n\n\n<p>Mieux relier en v\u00e9lo Saint-Malo et Dinard via le barrage de La Rance, c\u2019est l\u2019ambition du d\u00e9partement d\u2019Ille-et-Vilaine en Bretagne. Pour y parvenir, le Conseil d\u00e9partemental a attribu\u00e9 au groupement port\u00e9 par SYSTRA France, l\u2019assistance \u00e0 ma\u00eetrise d\u2019ouvrage technique de ce projet embl\u00e9matique pour une dur\u00e9e de 6 ans, en groupement avec le cabinet d\u2019architecture <a href=\"https:\/\/felaa.fr\/\" target=\"_blank\" rel=\"noreferrer noopener\">Felaa<\/a>, <a href=\"https:\/\/www.cerema.fr\/fr\" target=\"_blank\" rel=\"noreferrer noopener\">CEREMA<\/a>, <a href=\"https:\/\/www.copenhagenize.eu\/\" target=\"_blank\" rel=\"noreferrer noopener\">COPENHAGENIZE<\/a>, <a href=\"https:\/\/www.suez.com\/fr\" target=\"_blank\" rel=\"noreferrer noopener\">SUEZ<\/a> et <a href=\"https:\/\/www.alyce.fr\/\" target=\"_blank\" rel=\"noreferrer noopener\">ALICE<\/a> .<\/p>\n\n\n\n<div style=\"height:20px\" aria-hidden=\"true\" class=\"wp-block-spacer\"><\/div>\n\n\n\n<p>Les travaux d\u00e9buteront apr\u00e8s avoir surmont\u00e9 les nombreux d\u00e9fis techniques, environnementaux et de concertation pr\u00e9sent\u00e9s par cette liaison cyclable en phase \u00e9tudes, et une fois le groupement de conception\/r\u00e9alisation d\u00e9sign\u00e9.<\/p>\n\n\n\n<div style=\"height:50px\" aria-hidden=\"true\" class=\"wp-block-spacer\"><\/div>\n\n\n\n<figure class=\"wp-block-image size-full\"><img decoding=\"async\" src=\"https:\/\/www.systra.com\/wp-content\/uploads\/2025\/11\/bandeau.png\" alt=\"\" class=\"wp-image-24223606\"\/><\/figure>\n\n\n\n<div style=\"height:50px\" aria-hidden=\"true\" class=\"wp-block-spacer\"><\/div>\n\n\n\n<h2 class=\"wp-block-heading\" id=\"h-soutenir-le-developpement-des-modes-actifs-en-bretagne\">Soutenir le d\u00e9veloppement des modes actifs en Bretagne<\/h2>\n\n\n\n<div style=\"height:50px\" aria-hidden=\"true\" class=\"wp-block-spacer\"><\/div>\n\n\n\n<p>La future piste cyclable sera situ\u00e9e le long de la rive sud du barrage de La Rance, et reliera la Richardais le long de la RD168 jusqu\u2019au centre-ville de Saint-Malo. Les contraintes techniques se situent plus sp\u00e9cifiquement au niveau du barrage, qui est la seule usine mar\u00e9motrice de France : cette infrastructure sert \u00e0 la fois de centrale \u00e9lectrique et de pont routier, sur lequel devra \u00eatre install\u00e9, en encorbellement, un am\u00e9nagement cyclable aux modes actifs.<\/p>\n\n\n\n<div style=\"height:20px\" aria-hidden=\"true\" class=\"wp-block-spacer\"><\/div>\n\n\n\n<p>L\u2019installation de la piste et les travaux aff\u00e9rant devront pr\u00e9server la circulation routi\u00e8re et fluviale, ainsi que l\u2019exploitation hydro\u00e9lectrique du barrage. Les \u00e9tudes devront aussi prendre en compte la travers\u00e9e d\u2019un pont levant ainsi que de nombreux enjeux environnementaux, patrimoniaux et de concertation locale.<\/p>\n\n\n\n<div style=\"height:20px\" aria-hidden=\"true\" class=\"wp-block-spacer\"><\/div>\n\n\n\n<p>SYSTRA France sera en charge de mener \u00e0 bien les nombreux volets du projet (pilotage et conduite d\u2019op\u00e9rations, environnement et proc\u00e9dures r\u00e9glementaires, concertation, mobilit\u00e9s) en collaboration avec les expertises techniques ouvrages d\u2019art.<\/p>\n\n\n\n<div style=\"height:20px\" aria-hidden=\"true\" class=\"wp-block-spacer\"><\/div>\n\n\n\n<p>\u00c0 l\u2019horizon 2032, les modes actifs devraient donc b\u00e9n\u00e9ficier d\u2019un axe s\u00e9curis\u00e9 et p\u00e9renne entre les p\u00f4les urbains du nord de la Bretagne, offrant une alternative \u00e0 l\u2019usage de la voiture dans les d\u00e9placements du quotidien.<\/p>\n\n\n\n<div style=\"height:20px\" aria-hidden=\"true\" class=\"wp-block-spacer\"><\/div>\n\n\n\n<p>SYSTRA a d\u00e9j\u00e0 men\u00e9 de nombreux projets de pistes cyclables avec succ\u00e8s \u00e0 Lyon, Toulouse, Valence, Nantes.<\/p>\n\n\n\n<div style=\"height:100px\" aria-hidden=\"true\" class=\"wp-block-spacer\"><\/div>\n\n\n\n<div class=\"wp-block-slider-projects\">\n\t\t\t<h2 class=\"h2like\">Nos r\u00e9f\u00e9rences<\/h2>\n\t\t<div class=\"wrapper-content-slider-projects\">\n\t\t\t\t\t<ul class=\"content-slider-projects\">\n\t\t\t\t\t\t\t\t\t<li class=\"single-slider-projects\">\n\t\t\t\t\t\t<img \n\t\t\t\t\t\t\tsrc=\"https:\/\/www.systra.com\/france\/wp-content\/uploads\/sites\/4\/2021\/03\/velo_station_lyon-474x474.jpg\" \n\t\t\t\t\t\t\talt=\"Assistance \u00e0 l\u2019\u00e9laboration d\u2019un sch\u00e9ma directeur du stationnement v\u00e9lo \u00e0 Lyon\"\n\t\t\t\t\t\t\twidth=\"474\" \n\t\t\t\t\t\t\theight=\"474\"\n\t\t\t\t\t\t\tloading=\"lazy\"\n\t\t\t\t\t\t\tdecoding=\"async\"\n\t\t\t\t\t\t\tclass=\"slider-background-image\"\n\t\t\t\t\t\t>\n\t\t\t\t\t\t<div class=\"slider-content\">\n\t\t\t\t\t\t\t<a href=\"https:\/\/www.systra.com\/france\/project\/assistance-a-lelaboration-dun-schema-directeur-du-stationnement-velo-a-lyon\/\" class=\"link-slider-projects\">\n\t\t\t\t\t\t\t\t<span>Assistance \u00e0 l\u2019\u00e9laboration d\u2019un sch\u00e9ma directeur du stationnement v\u00e9lo \u00e0 Lyon<\/span>\n\t\t\t\t\t\t\t<\/a>\n\t\t\t\t\t\t<\/div>\n\t\t\t\t\t<\/li>\n\t\t\t\t\t\t\t\t\t<li class=\"single-slider-projects\">\n\t\t\t\t\t\t<img \n\t\t\t\t\t\t\tsrc=\"https:\/\/www.systra.com\/france\/wp-content\/uploads\/sites\/4\/2023\/08\/gettyimages-1224565408_mini-474x474.jpg\" \n\t\t\t\t\t\t\talt=\"Sch\u00e9ma Directeur R\u00e9seau Express V\u00e9lo \u00e0 Toulouse\"\n\t\t\t\t\t\t\twidth=\"474\" \n\t\t\t\t\t\t\theight=\"474\"\n\t\t\t\t\t\t\tloading=\"lazy\"\n\t\t\t\t\t\t\tdecoding=\"async\"\n\t\t\t\t\t\t\tclass=\"slider-background-image\"\n\t\t\t\t\t\t>\n\t\t\t\t\t\t<div class=\"slider-content\">\n\t\t\t\t\t\t\t<a href=\"https:\/\/www.systra.com\/france\/project\/schema-directeur-reseau-express-velo-a-toulouse\/\" class=\"link-slider-projects\">\n\t\t\t\t\t\t\t\t<span>Sch\u00e9ma Directeur R\u00e9seau Express V\u00e9lo \u00e0 Toulouse<\/span>\n\t\t\t\t\t\t\t<\/a>\n\t\t\t\t\t\t<\/div>\n\t\t\t\t\t<\/li>\n\t\t\t\t\t\t\t\t\t<li class=\"single-slider-projects\">\n\t\t\t\t\t\t<img \n\t\t\t\t\t\t\tsrc=\"https:\/\/www.systra.com\/france\/wp-content\/uploads\/sites\/4\/2023\/08\/photo-valence-474x474.jpeg\" \n\t\t\t\t\t\t\talt=\"Tron\u00e7on test sur le futur r\u00e9seau de pistes cyclables de Valence\"\n\t\t\t\t\t\t\twidth=\"474\" \n\t\t\t\t\t\t\theight=\"474\"\n\t\t\t\t\t\t\tloading=\"lazy\"\n\t\t\t\t\t\t\tdecoding=\"async\"\n\t\t\t\t\t\t\tclass=\"slider-background-image\"\n\t\t\t\t\t\t>\n\t\t\t\t\t\t<div class=\"slider-content\">\n\t\t\t\t\t\t\t<a href=\"https:\/\/www.systra.com\/france\/project\/troncon-test-sur-le-futur-reseau-de-pistes-cyclables-de-valence\/\" class=\"link-slider-projects\">\n\t\t\t\t\t\t\t\t<span>Tron\u00e7on test sur le futur r\u00e9seau de pistes cyclables de Valence<\/span>\n\t\t\t\t\t\t\t<\/a>\n\t\t\t\t\t\t<\/div>\n\t\t\t\t\t<\/li>\n\t\t\t\t\t\t\t<\/ul>\n\t\t\t\t\t\t<\/div>\n\t<\/div>","protected":false},"excerpt":{"rendered":"<p>Le d\u00e9veloppement des infrastructures cyclables en France continue : SYSTRA France vient de remporter les \u00e9tudes de la piste cyclable entre Dinard et Saint-Malo, sur la c\u00f4te bretonne. <\/p>\n","protected":false},"author":3,"featured_media":52250,"comment_status":"closed","ping_status":"closed","sticky":false,"template":"","format":"standard","meta":{"_acf_changed":false,"_relevanssi_hide_post":"","_relevanssi_hide_content":"","_relevanssi_pin_for_all":"","_relevanssi_pin_keywords":"","_relevanssi_unpin_keywords":"","_relevanssi_related_keywords":"","_relevanssi_related_include_ids":"","_relevanssi_related_exclude_ids":"","_relevanssi_related_no_append":"","_relevanssi_related_not_related":"","_relevanssi_related_posts":"","_relevanssi_noindex_reason":"","footnotes":""},"categories":[25289],"tags":[],"class_list":["post-52241","post","type-post","status-publish","format-standard","has-post-thumbnail","hentry","category-non-classe"],"acf":[],"yoast_head":"<!-- This site is optimized with the Yoast SEO Premium plugin v27.4 (Yoast SEO v27.4) - https:\/\/yoast.com\/product\/yoast-seo-premium-wordpress\/ -->\n<title>Saint-Malo - Dinard: un nouveau passage cyclable sur la Rance - France<\/title>\n<meta name=\"description\" content=\"Le d\u00e9veloppement des infrastructures cyclables en France continue : SYSTRA France vient de remporter les \u00e9tudes de la piste cyclable entre Dinard et Saint-Malo, sur la c\u00f4te bretonne.\" \/>\n<meta name=\"robots\" content=\"index, follow, max-snippet:-1, max-image-preview:large, max-video-preview:-1\" \/>\n<meta property=\"og:locale\" content=\"fr_FR\" \/>\n<meta property=\"og:type\" content=\"article\" \/>\n<meta property=\"og:title\" content=\"Saint-Malo - Dinard: un nouveau passage cyclable sur la Rance\" \/>\n<meta property=\"og:description\" content=\"Le d\u00e9veloppement des infrastructures cyclables en France continue : SYSTRA France vient de remporter les \u00e9tudes de la piste cyclable entre Dinard et Saint-Malo, sur la c\u00f4te bretonne.\" \/>\n<meta property=\"og:url\" content=\"https:\/\/www.systra.com\/france\/news\/une-nouvelle-piste-cyclable-remportee-par-systra-france\/\" \/>\n<meta property=\"og:site_name\" content=\"France\" \/>\n<meta property=\"article:publisher\" content=\"https:\/\/www.facebook.com\/SYSTRA\" \/>\n<meta property=\"article:published_time\" content=\"2025-12-08T13:32:38+00:00\" \/>\n<meta property=\"article:modified_time\" content=\"2025-12-12T13:41:44+00:00\" \/>\n<meta property=\"og:image\" content=\"https:\/\/www.systra.com\/france\/wp-content\/uploads\/sites\/4\/2025\/12\/1765288489795.jpg\" \/>\n\t<meta property=\"og:image:width\" content=\"2048\" \/>\n\t<meta property=\"og:image:height\" content=\"1535\" \/>\n\t<meta property=\"og:image:type\" content=\"image\/jpeg\" \/>\n<meta name=\"twitter:card\" content=\"summary_large_image\" \/>\n<meta name=\"twitter:creator\" content=\"@SYSTRA_LTD\" \/>\n<meta name=\"twitter:site\" content=\"@SYSTRA_LTD\" \/>\n<meta name=\"twitter:label1\" content=\"\u00c9crit par\" \/>\n\t<meta name=\"twitter:data1\" content=\"\" \/>\n\t<meta name=\"twitter:label2\" content=\"Dur\u00e9e de lecture estim\u00e9e\" \/>\n\t<meta name=\"twitter:data2\" content=\"2 minutes\" \/>\n<script type=\"application\/ld+json\" class=\"yoast-schema-graph\">{\"@context\":\"https:\\\/\\\/schema.org\",\"@graph\":[{\"@type\":\"Article\",\"@id\":\"https:\\\/\\\/www.systra.com\\\/france\\\/news\\\/une-nouvelle-piste-cyclable-remportee-par-systra-france\\\/#article\",\"isPartOf\":{\"@id\":\"https:\\\/\\\/www.systra.com\\\/france\\\/news\\\/une-nouvelle-piste-cyclable-remportee-par-systra-france\\\/\"},\"author\":{\"name\":\"\",\"@id\":\"\"},\"headline\":\"Saint-Malo &#8211; Dinard: un nouveau passage cyclable sur la Rance\",\"datePublished\":\"2025-12-08T13:32:38+00:00\",\"dateModified\":\"2025-12-12T13:41:44+00:00\",\"mainEntityOfPage\":{\"@id\":\"https:\\\/\\\/www.systra.com\\\/france\\\/news\\\/une-nouvelle-piste-cyclable-remportee-par-systra-france\\\/\"},\"wordCount\":356,\"publisher\":{\"@id\":\"https:\\\/\\\/www.systra.com\\\/france\\\/#organization\"},\"image\":{\"@id\":\"https:\\\/\\\/www.systra.com\\\/france\\\/news\\\/une-nouvelle-piste-cyclable-remportee-par-systra-france\\\/#primaryimage\"},\"thumbnailUrl\":\"https:\\\/\\\/www.systra.com\\\/france\\\/wp-content\\\/uploads\\\/sites\\\/4\\\/2025\\\/12\\\/1765288489795.jpg\",\"inLanguage\":\"fr-FR\"},{\"@type\":\"WebPage\",\"@id\":\"https:\\\/\\\/www.systra.com\\\/france\\\/news\\\/une-nouvelle-piste-cyclable-remportee-par-systra-france\\\/\",\"url\":\"https:\\\/\\\/www.systra.com\\\/france\\\/news\\\/une-nouvelle-piste-cyclable-remportee-par-systra-france\\\/\",\"name\":\"Saint-Malo - Dinard: un nouveau passage cyclable sur la Rance - France\",\"isPartOf\":{\"@id\":\"https:\\\/\\\/www.systra.com\\\/france\\\/#website\"},\"primaryImageOfPage\":{\"@id\":\"https:\\\/\\\/www.systra.com\\\/france\\\/news\\\/une-nouvelle-piste-cyclable-remportee-par-systra-france\\\/#primaryimage\"},\"image\":{\"@id\":\"https:\\\/\\\/www.systra.com\\\/france\\\/news\\\/une-nouvelle-piste-cyclable-remportee-par-systra-france\\\/#primaryimage\"},\"thumbnailUrl\":\"https:\\\/\\\/www.systra.com\\\/france\\\/wp-content\\\/uploads\\\/sites\\\/4\\\/2025\\\/12\\\/1765288489795.jpg\",\"datePublished\":\"2025-12-08T13:32:38+00:00\",\"dateModified\":\"2025-12-12T13:41:44+00:00\",\"description\":\"Le d\u00e9veloppement des infrastructures cyclables en France continue : SYSTRA France vient de remporter les \u00e9tudes de la piste cyclable entre Dinard et Saint-Malo, sur la c\u00f4te bretonne.\",\"breadcrumb\":{\"@id\":\"https:\\\/\\\/www.systra.com\\\/france\\\/news\\\/une-nouvelle-piste-cyclable-remportee-par-systra-france\\\/#breadcrumb\"},\"inLanguage\":\"fr-FR\",\"potentialAction\":[{\"@type\":\"ReadAction\",\"target\":[\"https:\\\/\\\/www.systra.com\\\/france\\\/news\\\/une-nouvelle-piste-cyclable-remportee-par-systra-france\\\/\"]}]},{\"@type\":\"ImageObject\",\"inLanguage\":\"fr-FR\",\"@id\":\"https:\\\/\\\/www.systra.com\\\/france\\\/news\\\/une-nouvelle-piste-cyclable-remportee-par-systra-france\\\/#primaryimage\",\"url\":\"https:\\\/\\\/www.systra.com\\\/france\\\/wp-content\\\/uploads\\\/sites\\\/4\\\/2025\\\/12\\\/1765288489795.jpg\",\"contentUrl\":\"https:\\\/\\\/www.systra.com\\\/france\\\/wp-content\\\/uploads\\\/sites\\\/4\\\/2025\\\/12\\\/1765288489795.jpg\",\"width\":2048,\"height\":1535},{\"@type\":\"BreadcrumbList\",\"@id\":\"https:\\\/\\\/www.systra.com\\\/france\\\/news\\\/une-nouvelle-piste-cyclable-remportee-par-systra-france\\\/#breadcrumb\",\"itemListElement\":[{\"@type\":\"ListItem\",\"position\":1,\"name\":\"Accueil\",\"item\":\"https:\\\/\\\/www.systra.com\\\/france\\\/\"},{\"@type\":\"ListItem\",\"position\":2,\"name\":\"Saint-Malo &#8211; Dinard: un nouveau passage cyclable sur la Rance\"}]},{\"@type\":\"WebSite\",\"@id\":\"https:\\\/\\\/www.systra.com\\\/france\\\/#website\",\"url\":\"https:\\\/\\\/www.systra.com\\\/france\\\/\",\"name\":\"France\",\"description\":\"La confiance transporte le monde\",\"publisher\":{\"@id\":\"https:\\\/\\\/www.systra.com\\\/france\\\/#organization\"},\"potentialAction\":[{\"@type\":\"SearchAction\",\"target\":{\"@type\":\"EntryPoint\",\"urlTemplate\":\"https:\\\/\\\/www.systra.com\\\/france\\\/?s={search_term_string}\"},\"query-input\":{\"@type\":\"PropertyValueSpecification\",\"valueRequired\":true,\"valueName\":\"search_term_string\"}}],\"inLanguage\":\"fr-FR\"},{\"@type\":\"Organization\",\"@id\":\"https:\\\/\\\/www.systra.com\\\/france\\\/#organization\",\"name\":\"Systra France\",\"url\":\"https:\\\/\\\/www.systra.com\\\/france\\\/\",\"logo\":{\"@type\":\"ImageObject\",\"inLanguage\":\"fr-FR\",\"@id\":\"https:\\\/\\\/www.systra.com\\\/france\\\/#\\\/schema\\\/logo\\\/image\\\/\",\"url\":\"https:\\\/\\\/www.systra.com\\\/france\\\/wp-content\\\/uploads\\\/sites\\\/4\\\/2021\\\/03\\\/systra_logo_svg.svg\",\"contentUrl\":\"https:\\\/\\\/www.systra.com\\\/france\\\/wp-content\\\/uploads\\\/sites\\\/4\\\/2021\\\/03\\\/systra_logo_svg.svg\",\"width\":179,\"height\":34,\"caption\":\"Systra France\"},\"image\":{\"@id\":\"https:\\\/\\\/www.systra.com\\\/france\\\/#\\\/schema\\\/logo\\\/image\\\/\"},\"sameAs\":[\"https:\\\/\\\/www.facebook.com\\\/SYSTRA\",\"https:\\\/\\\/x.com\\\/SYSTRA_LTD\",\"https:\\\/\\\/www.linkedin.com\\\/company\\\/systra\\\/\"]},{\"@type\":\"Person\",\"@id\":\"\"}]}<\/script>\n<!-- \/ Yoast SEO Premium plugin. -->","yoast_head_json":{"title":"Saint-Malo - Dinard: un nouveau passage cyclable sur la Rance - France","description":"Le d\u00e9veloppement des infrastructures cyclables en France continue : SYSTRA France vient de remporter les \u00e9tudes de la piste cyclable entre Dinard et Saint-Malo, sur la c\u00f4te bretonne.","robots":{"index":"index","follow":"follow","max-snippet":"max-snippet:-1","max-image-preview":"max-image-preview:large","max-video-preview":"max-video-preview:-1"},"og_locale":"fr_FR","og_type":"article","og_title":"Saint-Malo - Dinard: un nouveau passage cyclable sur la Rance","og_description":"Le d\u00e9veloppement des infrastructures cyclables en France continue : SYSTRA France vient de remporter les \u00e9tudes de la piste cyclable entre Dinard et Saint-Malo, sur la c\u00f4te bretonne.","og_url":"https:\/\/www.systra.com\/france\/news\/une-nouvelle-piste-cyclable-remportee-par-systra-france\/","og_site_name":"France","article_publisher":"https:\/\/www.facebook.com\/SYSTRA","article_published_time":"2025-12-08T13:32:38+00:00","article_modified_time":"2025-12-12T13:41:44+00:00","og_image":[{"width":2048,"height":1535,"url":"https:\/\/www.systra.com\/france\/wp-content\/uploads\/sites\/4\/2025\/12\/1765288489795.jpg","type":"image\/jpeg"}],"twitter_card":"summary_large_image","twitter_creator":"@SYSTRA_LTD","twitter_site":"@SYSTRA_LTD","twitter_misc":{"\u00c9crit par":"","Dur\u00e9e de lecture estim\u00e9e":"2 minutes"},"schema":{"@context":"https:\/\/schema.org","@graph":[{"@type":"Article","@id":"https:\/\/www.systra.com\/france\/news\/une-nouvelle-piste-cyclable-remportee-par-systra-france\/#article","isPartOf":{"@id":"https:\/\/www.systra.com\/france\/news\/une-nouvelle-piste-cyclable-remportee-par-systra-france\/"},"author":{"name":"","@id":""},"headline":"Saint-Malo &#8211; Dinard: un nouveau passage cyclable sur la Rance","datePublished":"2025-12-08T13:32:38+00:00","dateModified":"2025-12-12T13:41:44+00:00","mainEntityOfPage":{"@id":"https:\/\/www.systra.com\/france\/news\/une-nouvelle-piste-cyclable-remportee-par-systra-france\/"},"wordCount":356,"publisher":{"@id":"https:\/\/www.systra.com\/france\/#organization"},"image":{"@id":"https:\/\/www.systra.com\/france\/news\/une-nouvelle-piste-cyclable-remportee-par-systra-france\/#primaryimage"},"thumbnailUrl":"https:\/\/www.systra.com\/france\/wp-content\/uploads\/sites\/4\/2025\/12\/1765288489795.jpg","inLanguage":"fr-FR"},{"@type":"WebPage","@id":"https:\/\/www.systra.com\/france\/news\/une-nouvelle-piste-cyclable-remportee-par-systra-france\/","url":"https:\/\/www.systra.com\/france\/news\/une-nouvelle-piste-cyclable-remportee-par-systra-france\/","name":"Saint-Malo - Dinard: un nouveau passage cyclable sur la Rance - France","isPartOf":{"@id":"https:\/\/www.systra.com\/france\/#website"},"primaryImageOfPage":{"@id":"https:\/\/www.systra.com\/france\/news\/une-nouvelle-piste-cyclable-remportee-par-systra-france\/#primaryimage"},"image":{"@id":"https:\/\/www.systra.com\/france\/news\/une-nouvelle-piste-cyclable-remportee-par-systra-france\/#primaryimage"},"thumbnailUrl":"https:\/\/www.systra.com\/france\/wp-content\/uploads\/sites\/4\/2025\/12\/1765288489795.jpg","datePublished":"2025-12-08T13:32:38+00:00","dateModified":"2025-12-12T13:41:44+00:00","description":"Le d\u00e9veloppement des infrastructures cyclables en France continue : SYSTRA France vient de remporter les \u00e9tudes de la piste cyclable entre Dinard et Saint-Malo, sur la c\u00f4te bretonne.","breadcrumb":{"@id":"https:\/\/www.systra.com\/france\/news\/une-nouvelle-piste-cyclable-remportee-par-systra-france\/#breadcrumb"},"inLanguage":"fr-FR","potentialAction":[{"@type":"ReadAction","target":["https:\/\/www.systra.com\/france\/news\/une-nouvelle-piste-cyclable-remportee-par-systra-france\/"]}]},{"@type":"ImageObject","inLanguage":"fr-FR","@id":"https:\/\/www.systra.com\/france\/news\/une-nouvelle-piste-cyclable-remportee-par-systra-france\/#primaryimage","url":"https:\/\/www.systra.com\/france\/wp-content\/uploads\/sites\/4\/2025\/12\/1765288489795.jpg","contentUrl":"https:\/\/www.systra.com\/france\/wp-content\/uploads\/sites\/4\/2025\/12\/1765288489795.jpg","width":2048,"height":1535},{"@type":"BreadcrumbList","@id":"https:\/\/www.systra.com\/france\/news\/une-nouvelle-piste-cyclable-remportee-par-systra-france\/#breadcrumb","itemListElement":[{"@type":"ListItem","position":1,"name":"Accueil","item":"https:\/\/www.systra.com\/france\/"},{"@type":"ListItem","position":2,"name":"Saint-Malo &#8211; Dinard: un nouveau passage cyclable sur la Rance"}]},{"@type":"WebSite","@id":"https:\/\/www.systra.com\/france\/#website","url":"https:\/\/www.systra.com\/france\/","name":"France","description":"La confiance transporte le monde","publisher":{"@id":"https:\/\/www.systra.com\/france\/#organization"},"potentialAction":[{"@type":"SearchAction","target":{"@type":"EntryPoint","urlTemplate":"https:\/\/www.systra.com\/france\/?s={search_term_string}"},"query-input":{"@type":"PropertyValueSpecification","valueRequired":true,"valueName":"search_term_string"}}],"inLanguage":"fr-FR"},{"@type":"Organization","@id":"https:\/\/www.systra.com\/france\/#organization","name":"Systra France","url":"https:\/\/www.systra.com\/france\/","logo":{"@type":"ImageObject","inLanguage":"fr-FR","@id":"https:\/\/www.systra.com\/france\/#\/schema\/logo\/image\/","url":"https:\/\/www.systra.com\/france\/wp-content\/uploads\/sites\/4\/2021\/03\/systra_logo_svg.svg","contentUrl":"https:\/\/www.systra.com\/france\/wp-content\/uploads\/sites\/4\/2021\/03\/systra_logo_svg.svg","width":179,"height":34,"caption":"Systra France"},"image":{"@id":"https:\/\/www.systra.com\/france\/#\/schema\/logo\/image\/"},"sameAs":["https:\/\/www.facebook.com\/SYSTRA","https:\/\/x.com\/SYSTRA_LTD","https:\/\/www.linkedin.com\/company\/systra\/"]},{"@type":"Person","@id":""}]}},"lang":"fr","translations":{"fr":52241},"pll_sync_post":[],"_links":{"self":[{"href":"https:\/\/www.systra.com\/france\/wp-json\/wp\/v2\/posts\/52241","targetHints":{"allow":["GET"]}}],"collection":[{"href":"https:\/\/www.systra.com\/france\/wp-json\/wp\/v2\/posts"}],"about":[{"href":"https:\/\/www.systra.com\/france\/wp-json\/wp\/v2\/types\/post"}],"author":[{"embeddable":true,"href":"https:\/\/www.systra.com\/france\/wp-json\/wp\/v2\/users\/3"}],"replies":[{"embeddable":true,"href":"https:\/\/www.systra.com\/france\/wp-json\/wp\/v2\/comments?post=52241"}],"version-history":[{"count":2,"href":"https:\/\/www.systra.com\/france\/wp-json\/wp\/v2\/posts\/52241\/revisions"}],"predecessor-version":[{"id":52256,"href":"https:\/\/www.systra.com\/france\/wp-json\/wp\/v2\/posts\/52241\/revisions\/52256"}],"wp:featuredmedia":[{"embeddable":true,"href":"https:\/\/www.systra.com\/france\/wp-json\/wp\/v2\/media\/52250"}],"wp:attachment":[{"href":"https:\/\/www.systra.com\/france\/wp-json\/wp\/v2\/media?parent=52241"}],"wp:term":[{"taxonomy":"category","embeddable":true,"href":"https:\/\/www.systra.com\/france\/wp-json\/wp\/v2\/categories?post=52241"},{"taxonomy":"post_tag","embeddable":true,"href":"https:\/\/www.systra.com\/france\/wp-json\/wp\/v2\/tags?post=52241"}],"curies":[{"name":"wp","href":"https:\/\/api.w.org\/{rel}","templated":true}]}}